{"id":168,"date":"2026-08-31T19:23:42","date_gmt":"2026-08-31T22:23:42","guid":{"rendered":"https:\/\/acervocaipira.com.br\/blog\/?p=168"},"modified":"2026-08-31T19:23:42","modified_gmt":"2026-08-31T22:23:42","slug":"causo-da-carona-do-defunto","status":"publish","type":"post","link":"https:\/\/acervocaipira.com.br\/blog\/causo-da-carona-do-defunto\/","title":{"rendered":"Causo da Carona do Defunto"},"content":{"rendered":"<p data-path-to-node=\"1\">Imagina uma daquelas noites de breu, escura que nem boca de lobo. O tempo fechou de um jeito que a chuva descia que era um temporal, pingos grossos batendo na terra.<\/p>\n<p data-path-to-node=\"2\">Nisso, tava o Z\u00e9 Piaba andando na beira da estrada, voltando da ro\u00e7a, doido por uma carona.<\/p>\n<p data-path-to-node=\"3\">Passou um caminh\u00e3o devagarinho, penando na lama. O Z\u00e9 n\u00e3o pensou duas vezes: deu um pulo e se agarrou na carroceria. S\u00f3 que l\u00e1 atr\u00e1s, meus amigos, o motorista tava levando uma encomenda inusitada&#8230; uns caix\u00f5es de defunto vazios, novinhos, indo pra funer\u00e1ria da cidade.<\/p>\n<p data-path-to-node=\"4\">A chuva engrossou, mas engrossou com for\u00e7a. O vento cortava o rosto. O Z\u00e9, tremendo de frio e sem ter onde se esconder ali em cima, olhou pro caix\u00e3o, olhou pra chuva&#8230; e pensou: <i data-path-to-node=\"4\" data-index-in-node=\"179\">&#8220;Uai, o defunto n\u00e3o t\u00e1 a\u00ed, eu \u00e9 que n\u00e3o vou ficar aqui fora pegando friagem!&#8221;<\/i>.<\/p>\n<p data-path-to-node=\"5\">Abriu a tampa de um, ajeitou o corpo l\u00e1 dentro, fechou e, no quentinho da madeira, dormiu feito um anjo.<\/p>\n<p data-path-to-node=\"6\">O caminh\u00e3o rodou mais um peda\u00e7o e o motorista parou pra dar carona pra mais dois pe\u00f5es que tavam encharcados na beira da estrada. Os dois subiram e ficaram l\u00e1, encolhidos num cantinho da carroceria, batendo o queixo de frio e olhando desconfiados pra aqueles caix\u00f5es no escuro.<\/p>\n<p data-path-to-node=\"7\">Passou um bom tempo. A chuva finalmente parou, as nuvens foram embora e a lua clareou a estrada.<\/p>\n<p data-path-to-node=\"8\">O Z\u00e9 Piaba, l\u00e1 no aconchego do caix\u00e3o, acordou. Sentiu que a chuva tinha parado, empurrou a tampa devagarinho&#8230; botou a cabe\u00e7a pra fora, deu aquela espregui\u00e7ada boa, esfregou o olho, olhou pros dois pe\u00f5es assustados no canto e soltou:<\/p>\n<p data-path-to-node=\"9\">\u2014 Eita, coisa boa&#8230; parece que o tempo limpou, n\u00e9?<\/p>\n<p data-path-to-node=\"10\">Minha Nossa Senhora! Os dois pe\u00f5es n\u00e3o falaram um &#8220;A&#8221;. O cora\u00e7\u00e3o veio na boca! S\u00f3 se ouviu o barulho deles pulando da carroceria do caminh\u00e3o em movimento e caindo no meio do mato! Dizem que t\u00e3o correndo at\u00e9 hoje, sem olhar pra tr\u00e1s.<\/p>\n<p data-path-to-node=\"11\">Sabe, minha gente&#8230; o medo \u00e9 uma coisa curiosa.<\/p>\n<p data-path-to-node=\"12\">Muitas vezes, na nossa vida, a gente foge, se desespera e pula fora do caminh\u00e3o por causa de um problema que a gente nem entendeu direito o que \u00e9. O susto cega a gente pra verdade. A gente cria assombra\u00e7\u00e3o onde n\u00e3o tem.<\/p>\n<p data-path-to-node=\"13\">Por isso, antes de sair correndo no escuro, respira fundo e olha direito a situa\u00e7\u00e3o. \u00c0s vezes, aquilo que mais te assusta \u00e9 s\u00f3 o Z\u00e9 Piaba fugindo da chuva!<\/p>\n","protected":false},"excerpt":{"rendered":"<p>Imagina uma daquelas noites de breu, escura que nem boca de lobo. O tempo fechou de um jeito que a chuva descia que era um [continua&#8230;]<\/p>\n","protected":false},"author":1,"featured_media":169,"comment_status":"open","ping_status":"open","sticky":false,"template":"","format":"standard","meta":{"_jetpack_newsletter_access":"","_jetpack_dont_email_post_to_subs":false,"_jetpack_newsletter_tier_id":0,"_jetpack_memberships_contains_paywalled_content":false,"_jetpack_feature_clip_id":0,"_jetpack_memberships_contains_paid_content":false,"footnotes":"","jetpack_publicize_message":"","jetpack_publicize_feature_enabled":true,"jetpack_social_post_already_shared":true,"jetpack_social_options":{"image_generator_settings":{"template":"highway","default_image_id":0,"font":"","enabled":false},"version":2},"jetpack_post_was_ever_published":false},"categories":[4],"tags":[65,93,77],"class_list":["post-168","post","type-post","status-publish","format-standard","has-post-thumbnail","hentry","category-causos","tag-causo","tag-chuva-defunto","tag-historia"],"jetpack_publicize_connections":[],"jetpack_sharing_enabled":true,"jetpack_featured_media_url":"https:\/\/i0.wp.com\/acervocaipira.com.br\/blog\/wp-content\/uploads\/2026\/08\/Gemini_Generated_Image_z93dyfz93dyfz93d-scaled.jpeg?fit=2560%2C1429&ssl=1","_links":{"self":[{"href":"https:\/\/acervocaipira.com.br\/blog\/wp-json\/wp\/v2\/posts\/168","targetHints":{"allow":["GET"]}}],"collection":[{"href":"https:\/\/acervocaipira.com.br\/blog\/wp-json\/wp\/v2\/posts"}],"about":[{"href":"https:\/\/acervocaipira.com.br\/blog\/wp-json\/wp\/v2\/types\/post"}],"author":[{"embeddable":true,"href":"https:\/\/acervocaipira.com.br\/blog\/wp-json\/wp\/v2\/users\/1"}],"replies":[{"embeddable":true,"href":"https:\/\/acervocaipira.com.br\/blog\/wp-json\/wp\/v2\/comments?post=168"}],"version-history":[{"count":1,"href":"https:\/\/acervocaipira.com.br\/blog\/wp-json\/wp\/v2\/posts\/168\/revisions"}],"predecessor-version":[{"id":170,"href":"https:\/\/acervocaipira.com.br\/blog\/wp-json\/wp\/v2\/posts\/168\/revisions\/170"}],"wp:featuredmedia":[{"embeddable":true,"href":"https:\/\/acervocaipira.com.br\/blog\/wp-json\/wp\/v2\/media\/169"}],"wp:attachment":[{"href":"https:\/\/acervocaipira.com.br\/blog\/wp-json\/wp\/v2\/media?parent=168"}],"wp:term":[{"taxonomy":"category","embeddable":true,"href":"https:\/\/acervocaipira.com.br\/blog\/wp-json\/wp\/v2\/categories?post=168"},{"taxonomy":"post_tag","embeddable":true,"href":"https:\/\/acervocaipira.com.br\/blog\/wp-json\/wp\/v2\/tags?post=168"}],"curies":[{"name":"wp","href":"https:\/\/api.w.org\/{rel}","templated":true}]}}